{"id":4750,"date":"2023-10-04T15:34:18","date_gmt":"2023-10-04T19:34:18","guid":{"rendered":"https:\/\/www.cardinjulien.com\/?p=4750"},"modified":"2023-10-04T15:34:18","modified_gmt":"2023-10-04T19:34:18","slug":"the-new-planetarium-du-jardin-des-sciences-de-luniversite-de-strasbourg-has-an-international-outreach","status":"publish","type":"post","link":"https:\/\/www.cardinjulien.com\/en\/prizes-and-awards\/the-new-planetarium-du-jardin-des-sciences-de-luniversite-de-strasbourg-has-an-international-outreach\/","title":{"rendered":"The new Plan\u00e9tarium du Jardin des sciences de l&#8217;Universit\u00e9 de Strasbourg has an international outreach !"},"content":{"rendered":"<p>Inaugurated in the summer of 2023, the new Plan\u00e9tarium du Jardin des sciences de l&#8217;Universit\u00e9 de Strasbourg shines in the media abroad! Discover this project created with frenak+jullien (architects) and m+mathieu holdrinet (architect of operation), in these different articles:<\/p>\n<p><a href=\"https:\/\/arquine.com\/obra\/un-nuevo-planetario-en-estrasburgo\/\">Arquine<\/a>, Mexico<br \/>\n<a href=\"https:\/\/arcfly.net\/the-planetarium-du-jardin-des-sciences-at-the-universite-de-strasbourg-imagining-by-frenakjullien-cardin-julien-mmathieu-holdrinet\/\">Arcfly<\/a>, NYC, USA<br \/>\n<a href=\"https:\/\/archello.com\/fr\/news\/university-of-strasbourg-opens-a-new-planetarium-clad-in-burnt-wood\">Archello<\/a>, Netherlands<br \/>\n<a href=\"https:\/\/www.journal-du-design.fr\/architecture\/le-planetarium-du-jardin-des-sciences-de-luniversite-de-strasbourg-157186\/\">Journal du design<\/a>, Montpellier, France<br \/>\n<a href=\"https:\/\/www.e-architect.com\/france\/the-planetarium-universite-de-strasbourg-france\">e-architect<\/a>, United Kingdom<br \/>\n<a href=\"https:\/\/worldarchitecture.org\/architecture-news\/fzecg\/planetarium-clad-in-burnt-wood-at-universit-de-strasbourg-evokes-19th-century-machine-buildings.html?fbclid=IwAR0eX5eq3XcyemoQRMwAvmpZU3PEGh-xeOh9CgTy3C4AVpyTfNmTu6hK0r4\">World architecture<\/a>, Istanbul, Turkey<br \/>\n<a href=\"https:\/\/www.architecturelist.com\/strasbourgs-new-planetarium-bridging-sky-and-earth\/\">Architecturelist<\/a>, Indonesia<br \/>\n<a href=\"https:\/\/www.adfwebmagazine.jp\/en\/design\/frenakjullien-cardin-julien-mmathieu-holdrinet-unveils-planetarium-du-jardin-des-sciences\/\">ADF web-magazine<\/a>, Tokyo, Japan<\/p>\n","protected":false},"excerpt":{"rendered":"<p>Inaugurated in the summer of 2023, the new Plan\u00e9tarium du Jardin des sciences de l&#8217;Universit\u00e9 de Strasbourg shines in the media abroad! Discover this project created with frenak+jullien (architects) and m+mathieu holdrinet (architect of operation), in these different articles: Arquine, Mexico Arcfly, NYC, USA Archello, Netherlands Journal du design, Montpellier, France e-architect, United Kingdom World [&hellip;]<\/p>\n","protected":false},"author":2,"featured_media":4706,"comment_status":"open","ping_status":"open","sticky":false,"template":"","format":"standard","meta":{"_acf_changed":false,"footnotes":""},"categories":[34],"tags":[],"class_list":["post-4750","post","type-post","status-publish","format-standard","has-post-thumbnail","hentry","category-prizes-and-awards"],"acf":[],"yoast_head":"<!-- This site is optimized with the Yoast SEO Premium plugin v24.7 (Yoast SEO v27.2) - https:\/\/yoast.com\/product\/yoast-seo-premium-wordpress\/ -->\n<title>The new Plan\u00e9tarium du Jardin des sciences de l&#039;Universit\u00e9 de Strasbourg has an international outreach ! - Cardin Julien<\/title>\n<meta name=\"description\" content=\"Marquer l\u2019architecture par la qualit\u00e9, la p\u00e9rennit\u00e9 et le caract\u00e8re novateur de nos r\u00e9alisations.\" \/>\n<meta name=\"robots\" content=\"index, follow, max-snippet:-1, max-image-preview:large, max-video-preview:-1\" \/>\n<link rel=\"canonical\" href=\"https:\/\/www.cardinjulien.com\/en\/prizes-and-awards\/the-new-planetarium-du-jardin-des-sciences-de-luniversite-de-strasbourg-has-an-international-outreach\/\" \/>\n<meta property=\"og:locale\" content=\"en_US\" \/>\n<meta property=\"og:type\" content=\"article\" \/>\n<meta property=\"og:title\" content=\"The new Plan\u00e9tarium du Jardin des sciences de l&#039;Universit\u00e9 de Strasbourg has an international outreach !\" \/>\n<meta property=\"og:description\" content=\"Marquer l\u2019architecture par la qualit\u00e9, la p\u00e9rennit\u00e9 et le caract\u00e8re novateur de nos r\u00e9alisations.\" \/>\n<meta property=\"og:url\" content=\"https:\/\/www.cardinjulien.com\/en\/prizes-and-awards\/the-new-planetarium-du-jardin-des-sciences-de-luniversite-de-strasbourg-has-an-international-outreach\/\" \/>\n<meta property=\"og:site_name\" content=\"Cardin Julien\" \/>\n<meta property=\"article:publisher\" content=\"https:\/\/www.facebook.com\/Cardin-Julien-180896785258262\/\" \/>\n<meta property=\"article:published_time\" content=\"2023-10-04T19:34:18+00:00\" \/>\n<meta property=\"og:image\" content=\"https:\/\/www.cardinjulien.com\/wp-content\/uploads\/2021\/06\/Planetarium_Jardin-des-sciences_008\u00a9MaximeDelvaux-scaled.jpg\" \/>\n\t<meta property=\"og:image:width\" content=\"2560\" \/>\n\t<meta property=\"og:image:height\" content=\"2048\" \/>\n\t<meta property=\"og:image:type\" content=\"image\/jpeg\" \/>\n<meta name=\"author\" content=\"Gestion Cardin Julien\" \/>\n<meta name=\"twitter:card\" content=\"summary_large_image\" \/>\n<meta name=\"twitter:label1\" content=\"Written by\" \/>\n\t<meta name=\"twitter:data1\" content=\"Gestion Cardin Julien\" \/>\n<script type=\"application\/ld+json\" class=\"yoast-schema-graph\">{\"@context\":\"https:\/\/schema.org\",\"@graph\":[{\"@type\":\"Article\",\"@id\":\"https:\/\/www.cardinjulien.com\/en\/prizes-and-awards\/the-new-planetarium-du-jardin-des-sciences-de-luniversite-de-strasbourg-has-an-international-outreach\/#article\",\"isPartOf\":{\"@id\":\"https:\/\/www.cardinjulien.com\/en\/prizes-and-awards\/the-new-planetarium-du-jardin-des-sciences-de-luniversite-de-strasbourg-has-an-international-outreach\/\"},\"author\":{\"name\":\"Gestion Cardin Julien\",\"@id\":\"https:\/\/www.cardinjulien.com\/#\/schema\/person\/22b0ea139fe6bab9d81e2c9bfd4df7a1\"},\"headline\":\"The new Plan\u00e9tarium du Jardin des sciences de l&#8217;Universit\u00e9 de Strasbourg has an international outreach !\",\"datePublished\":\"2023-10-04T19:34:18+00:00\",\"mainEntityOfPage\":{\"@id\":\"https:\/\/www.cardinjulien.com\/en\/prizes-and-awards\/the-new-planetarium-du-jardin-des-sciences-de-luniversite-de-strasbourg-has-an-international-outreach\/\"},\"wordCount\":84,\"commentCount\":0,\"image\":{\"@id\":\"https:\/\/www.cardinjulien.com\/en\/prizes-and-awards\/the-new-planetarium-du-jardin-des-sciences-de-luniversite-de-strasbourg-has-an-international-outreach\/#primaryimage\"},\"thumbnailUrl\":\"https:\/\/www.cardinjulien.com\/wp-content\/uploads\/2021\/06\/Planetarium_Jardin-des-sciences_008\u00a9MaximeDelvaux-scaled.jpg\",\"articleSection\":[\"Prizes and awards\"],\"inLanguage\":\"en-US\",\"potentialAction\":[{\"@type\":\"CommentAction\",\"name\":\"Comment\",\"target\":[\"https:\/\/www.cardinjulien.com\/en\/prizes-and-awards\/the-new-planetarium-du-jardin-des-sciences-de-luniversite-de-strasbourg-has-an-international-outreach\/#respond\"]}]},{\"@type\":\"WebPage\",\"@id\":\"https:\/\/www.cardinjulien.com\/en\/prizes-and-awards\/the-new-planetarium-du-jardin-des-sciences-de-luniversite-de-strasbourg-has-an-international-outreach\/\",\"url\":\"https:\/\/www.cardinjulien.com\/en\/prizes-and-awards\/the-new-planetarium-du-jardin-des-sciences-de-luniversite-de-strasbourg-has-an-international-outreach\/\",\"name\":\"The new Plan\u00e9tarium du Jardin des sciences de l'Universit\u00e9 de Strasbourg has an international outreach ! - Cardin Julien\",\"isPartOf\":{\"@id\":\"https:\/\/www.cardinjulien.com\/#website\"},\"primaryImageOfPage\":{\"@id\":\"https:\/\/www.cardinjulien.com\/en\/prizes-and-awards\/the-new-planetarium-du-jardin-des-sciences-de-luniversite-de-strasbourg-has-an-international-outreach\/#primaryimage\"},\"image\":{\"@id\":\"https:\/\/www.cardinjulien.com\/en\/prizes-and-awards\/the-new-planetarium-du-jardin-des-sciences-de-luniversite-de-strasbourg-has-an-international-outreach\/#primaryimage\"},\"thumbnailUrl\":\"https:\/\/www.cardinjulien.com\/wp-content\/uploads\/2021\/06\/Planetarium_Jardin-des-sciences_008\u00a9MaximeDelvaux-scaled.jpg\",\"datePublished\":\"2023-10-04T19:34:18+00:00\",\"author\":{\"@id\":\"https:\/\/www.cardinjulien.com\/#\/schema\/person\/22b0ea139fe6bab9d81e2c9bfd4df7a1\"},\"description\":\"Marquer l\u2019architecture par la qualit\u00e9, la p\u00e9rennit\u00e9 et le caract\u00e8re novateur de nos r\u00e9alisations.\",\"breadcrumb\":{\"@id\":\"https:\/\/www.cardinjulien.com\/en\/prizes-and-awards\/the-new-planetarium-du-jardin-des-sciences-de-luniversite-de-strasbourg-has-an-international-outreach\/#breadcrumb\"},\"inLanguage\":\"en-US\",\"potentialAction\":[{\"@type\":\"ReadAction\",\"target\":[\"https:\/\/www.cardinjulien.com\/en\/prizes-and-awards\/the-new-planetarium-du-jardin-des-sciences-de-luniversite-de-strasbourg-has-an-international-outreach\/\"]}]},{\"@type\":\"ImageObject\",\"inLanguage\":\"en-US\",\"@id\":\"https:\/\/www.cardinjulien.com\/en\/prizes-and-awards\/the-new-planetarium-du-jardin-des-sciences-de-luniversite-de-strasbourg-has-an-international-outreach\/#primaryimage\",\"url\":\"https:\/\/www.cardinjulien.com\/wp-content\/uploads\/2021\/06\/Planetarium_Jardin-des-sciences_008\u00a9MaximeDelvaux-scaled.jpg\",\"contentUrl\":\"https:\/\/www.cardinjulien.com\/wp-content\/uploads\/2021\/06\/Planetarium_Jardin-des-sciences_008\u00a9MaximeDelvaux-scaled.jpg\",\"width\":2560,\"height\":2048},{\"@type\":\"BreadcrumbList\",\"@id\":\"https:\/\/www.cardinjulien.com\/en\/prizes-and-awards\/the-new-planetarium-du-jardin-des-sciences-de-luniversite-de-strasbourg-has-an-international-outreach\/#breadcrumb\",\"itemListElement\":[{\"@type\":\"ListItem\",\"position\":1,\"name\":\"Accueil\",\"item\":\"https:\/\/www.cardinjulien.com\/en\/\"},{\"@type\":\"ListItem\",\"position\":2,\"name\":\"The new Plan\u00e9tarium du Jardin des sciences de l&#8217;Universit\u00e9 de Strasbourg has an international outreach !\"}]},{\"@type\":\"WebSite\",\"@id\":\"https:\/\/www.cardinjulien.com\/#website\",\"url\":\"https:\/\/www.cardinjulien.com\/\",\"name\":\"Cardin Julien\",\"description\":\"Co-cr\u00e9er pour r\u00e9v\u00e9ler le plein potentiel de vos id\u00e9es\",\"potentialAction\":[{\"@type\":\"SearchAction\",\"target\":{\"@type\":\"EntryPoint\",\"urlTemplate\":\"https:\/\/www.cardinjulien.com\/?s={search_term_string}\"},\"query-input\":{\"@type\":\"PropertyValueSpecification\",\"valueRequired\":true,\"valueName\":\"search_term_string\"}}],\"inLanguage\":\"en-US\"},{\"@type\":\"Person\",\"@id\":\"https:\/\/www.cardinjulien.com\/#\/schema\/person\/22b0ea139fe6bab9d81e2c9bfd4df7a1\",\"name\":\"Gestion Cardin Julien\",\"image\":{\"@type\":\"ImageObject\",\"inLanguage\":\"en-US\",\"@id\":\"https:\/\/secure.gravatar.com\/avatar\/e4fe1415ee800119633c3259c65ae5c62c85ef68315cd7426276ad53fd2824cd?s=96&d=mm&r=g\",\"url\":\"https:\/\/secure.gravatar.com\/avatar\/e4fe1415ee800119633c3259c65ae5c62c85ef68315cd7426276ad53fd2824cd?s=96&d=mm&r=g\",\"contentUrl\":\"https:\/\/secure.gravatar.com\/avatar\/e4fe1415ee800119633c3259c65ae5c62c85ef68315cd7426276ad53fd2824cd?s=96&d=mm&r=g\",\"caption\":\"Gestion Cardin Julien\"},\"url\":\"https:\/\/www.cardinjulien.com\/en\/author\/gestioncj\/\"}]}<\/script>\n<!-- \/ Yoast SEO Premium plugin. -->","yoast_head_json":{"title":"The new Plan\u00e9tarium du Jardin des sciences de l'Universit\u00e9 de Strasbourg has an international outreach ! - Cardin Julien","description":"Marquer l\u2019architecture par la qualit\u00e9, la p\u00e9rennit\u00e9 et le caract\u00e8re novateur de nos r\u00e9alisations.","robots":{"index":"index","follow":"follow","max-snippet":"max-snippet:-1","max-image-preview":"max-image-preview:large","max-video-preview":"max-video-preview:-1"},"canonical":"https:\/\/www.cardinjulien.com\/en\/prizes-and-awards\/the-new-planetarium-du-jardin-des-sciences-de-luniversite-de-strasbourg-has-an-international-outreach\/","og_locale":"en_US","og_type":"article","og_title":"The new Plan\u00e9tarium du Jardin des sciences de l'Universit\u00e9 de Strasbourg has an international outreach !","og_description":"Marquer l\u2019architecture par la qualit\u00e9, la p\u00e9rennit\u00e9 et le caract\u00e8re novateur de nos r\u00e9alisations.","og_url":"https:\/\/www.cardinjulien.com\/en\/prizes-and-awards\/the-new-planetarium-du-jardin-des-sciences-de-luniversite-de-strasbourg-has-an-international-outreach\/","og_site_name":"Cardin Julien","article_publisher":"https:\/\/www.facebook.com\/Cardin-Julien-180896785258262\/","article_published_time":"2023-10-04T19:34:18+00:00","og_image":[{"width":2560,"height":2048,"url":"https:\/\/www.cardinjulien.com\/wp-content\/uploads\/2021\/06\/Planetarium_Jardin-des-sciences_008\u00a9MaximeDelvaux-scaled.jpg","type":"image\/jpeg"}],"author":"Gestion Cardin Julien","twitter_card":"summary_large_image","twitter_misc":{"Written by":"Gestion Cardin Julien"},"schema":{"@context":"https:\/\/schema.org","@graph":[{"@type":"Article","@id":"https:\/\/www.cardinjulien.com\/en\/prizes-and-awards\/the-new-planetarium-du-jardin-des-sciences-de-luniversite-de-strasbourg-has-an-international-outreach\/#article","isPartOf":{"@id":"https:\/\/www.cardinjulien.com\/en\/prizes-and-awards\/the-new-planetarium-du-jardin-des-sciences-de-luniversite-de-strasbourg-has-an-international-outreach\/"},"author":{"name":"Gestion Cardin Julien","@id":"https:\/\/www.cardinjulien.com\/#\/schema\/person\/22b0ea139fe6bab9d81e2c9bfd4df7a1"},"headline":"The new Plan\u00e9tarium du Jardin des sciences de l&#8217;Universit\u00e9 de Strasbourg has an international outreach !","datePublished":"2023-10-04T19:34:18+00:00","mainEntityOfPage":{"@id":"https:\/\/www.cardinjulien.com\/en\/prizes-and-awards\/the-new-planetarium-du-jardin-des-sciences-de-luniversite-de-strasbourg-has-an-international-outreach\/"},"wordCount":84,"commentCount":0,"image":{"@id":"https:\/\/www.cardinjulien.com\/en\/prizes-and-awards\/the-new-planetarium-du-jardin-des-sciences-de-luniversite-de-strasbourg-has-an-international-outreach\/#primaryimage"},"thumbnailUrl":"https:\/\/www.cardinjulien.com\/wp-content\/uploads\/2021\/06\/Planetarium_Jardin-des-sciences_008\u00a9MaximeDelvaux-scaled.jpg","articleSection":["Prizes and awards"],"inLanguage":"en-US","potentialAction":[{"@type":"CommentAction","name":"Comment","target":["https:\/\/www.cardinjulien.com\/en\/prizes-and-awards\/the-new-planetarium-du-jardin-des-sciences-de-luniversite-de-strasbourg-has-an-international-outreach\/#respond"]}]},{"@type":"WebPage","@id":"https:\/\/www.cardinjulien.com\/en\/prizes-and-awards\/the-new-planetarium-du-jardin-des-sciences-de-luniversite-de-strasbourg-has-an-international-outreach\/","url":"https:\/\/www.cardinjulien.com\/en\/prizes-and-awards\/the-new-planetarium-du-jardin-des-sciences-de-luniversite-de-strasbourg-has-an-international-outreach\/","name":"The new Plan\u00e9tarium du Jardin des sciences de l'Universit\u00e9 de Strasbourg has an international outreach ! - Cardin Julien","isPartOf":{"@id":"https:\/\/www.cardinjulien.com\/#website"},"primaryImageOfPage":{"@id":"https:\/\/www.cardinjulien.com\/en\/prizes-and-awards\/the-new-planetarium-du-jardin-des-sciences-de-luniversite-de-strasbourg-has-an-international-outreach\/#primaryimage"},"image":{"@id":"https:\/\/www.cardinjulien.com\/en\/prizes-and-awards\/the-new-planetarium-du-jardin-des-sciences-de-luniversite-de-strasbourg-has-an-international-outreach\/#primaryimage"},"thumbnailUrl":"https:\/\/www.cardinjulien.com\/wp-content\/uploads\/2021\/06\/Planetarium_Jardin-des-sciences_008\u00a9MaximeDelvaux-scaled.jpg","datePublished":"2023-10-04T19:34:18+00:00","author":{"@id":"https:\/\/www.cardinjulien.com\/#\/schema\/person\/22b0ea139fe6bab9d81e2c9bfd4df7a1"},"description":"Marquer l\u2019architecture par la qualit\u00e9, la p\u00e9rennit\u00e9 et le caract\u00e8re novateur de nos r\u00e9alisations.","breadcrumb":{"@id":"https:\/\/www.cardinjulien.com\/en\/prizes-and-awards\/the-new-planetarium-du-jardin-des-sciences-de-luniversite-de-strasbourg-has-an-international-outreach\/#breadcrumb"},"inLanguage":"en-US","potentialAction":[{"@type":"ReadAction","target":["https:\/\/www.cardinjulien.com\/en\/prizes-and-awards\/the-new-planetarium-du-jardin-des-sciences-de-luniversite-de-strasbourg-has-an-international-outreach\/"]}]},{"@type":"ImageObject","inLanguage":"en-US","@id":"https:\/\/www.cardinjulien.com\/en\/prizes-and-awards\/the-new-planetarium-du-jardin-des-sciences-de-luniversite-de-strasbourg-has-an-international-outreach\/#primaryimage","url":"https:\/\/www.cardinjulien.com\/wp-content\/uploads\/2021\/06\/Planetarium_Jardin-des-sciences_008\u00a9MaximeDelvaux-scaled.jpg","contentUrl":"https:\/\/www.cardinjulien.com\/wp-content\/uploads\/2021\/06\/Planetarium_Jardin-des-sciences_008\u00a9MaximeDelvaux-scaled.jpg","width":2560,"height":2048},{"@type":"BreadcrumbList","@id":"https:\/\/www.cardinjulien.com\/en\/prizes-and-awards\/the-new-planetarium-du-jardin-des-sciences-de-luniversite-de-strasbourg-has-an-international-outreach\/#breadcrumb","itemListElement":[{"@type":"ListItem","position":1,"name":"Accueil","item":"https:\/\/www.cardinjulien.com\/en\/"},{"@type":"ListItem","position":2,"name":"The new Plan\u00e9tarium du Jardin des sciences de l&#8217;Universit\u00e9 de Strasbourg has an international outreach !"}]},{"@type":"WebSite","@id":"https:\/\/www.cardinjulien.com\/#website","url":"https:\/\/www.cardinjulien.com\/","name":"Cardin Julien","description":"Co-cr\u00e9er pour r\u00e9v\u00e9ler le plein potentiel de vos id\u00e9es","potentialAction":[{"@type":"SearchAction","target":{"@type":"EntryPoint","urlTemplate":"https:\/\/www.cardinjulien.com\/?s={search_term_string}"},"query-input":{"@type":"PropertyValueSpecification","valueRequired":true,"valueName":"search_term_string"}}],"inLanguage":"en-US"},{"@type":"Person","@id":"https:\/\/www.cardinjulien.com\/#\/schema\/person\/22b0ea139fe6bab9d81e2c9bfd4df7a1","name":"Gestion Cardin Julien","image":{"@type":"ImageObject","inLanguage":"en-US","@id":"https:\/\/secure.gravatar.com\/avatar\/e4fe1415ee800119633c3259c65ae5c62c85ef68315cd7426276ad53fd2824cd?s=96&d=mm&r=g","url":"https:\/\/secure.gravatar.com\/avatar\/e4fe1415ee800119633c3259c65ae5c62c85ef68315cd7426276ad53fd2824cd?s=96&d=mm&r=g","contentUrl":"https:\/\/secure.gravatar.com\/avatar\/e4fe1415ee800119633c3259c65ae5c62c85ef68315cd7426276ad53fd2824cd?s=96&d=mm&r=g","caption":"Gestion Cardin Julien"},"url":"https:\/\/www.cardinjulien.com\/en\/author\/gestioncj\/"}]}},"_links":{"self":[{"href":"https:\/\/www.cardinjulien.com\/en\/wp-json\/wp\/v2\/posts\/4750","targetHints":{"allow":["GET"]}}],"collection":[{"href":"https:\/\/www.cardinjulien.com\/en\/wp-json\/wp\/v2\/posts"}],"about":[{"href":"https:\/\/www.cardinjulien.com\/en\/wp-json\/wp\/v2\/types\/post"}],"author":[{"embeddable":true,"href":"https:\/\/www.cardinjulien.com\/en\/wp-json\/wp\/v2\/users\/2"}],"replies":[{"embeddable":true,"href":"https:\/\/www.cardinjulien.com\/en\/wp-json\/wp\/v2\/comments?post=4750"}],"version-history":[{"count":1,"href":"https:\/\/www.cardinjulien.com\/en\/wp-json\/wp\/v2\/posts\/4750\/revisions"}],"predecessor-version":[{"id":4751,"href":"https:\/\/www.cardinjulien.com\/en\/wp-json\/wp\/v2\/posts\/4750\/revisions\/4751"}],"wp:featuredmedia":[{"embeddable":true,"href":"https:\/\/www.cardinjulien.com\/en\/wp-json\/wp\/v2\/media\/4706"}],"wp:attachment":[{"href":"https:\/\/www.cardinjulien.com\/en\/wp-json\/wp\/v2\/media?parent=4750"}],"wp:term":[{"taxonomy":"category","embeddable":true,"href":"https:\/\/www.cardinjulien.com\/en\/wp-json\/wp\/v2\/categories?post=4750"},{"taxonomy":"post_tag","embeddable":true,"href":"https:\/\/www.cardinjulien.com\/en\/wp-json\/wp\/v2\/tags?post=4750"}],"curies":[{"name":"wp","href":"https:\/\/api.w.org\/{rel}","templated":true}]}}